{"id":810,"date":"2025-12-10T15:56:39","date_gmt":"2025-12-10T14:56:39","guid":{"rendered":"https:\/\/fwg-borken.de\/wp\/?p=810"},"modified":"2026-01-09T09:58:43","modified_gmt":"2026-01-09T08:58:43","slug":"erfolgreiche-listenaufstellung-der-fwg-borken-fuer-die-kommunalwahl-2026","status":"publish","type":"post","link":"https:\/\/fwg-borken.de\/wp\/?p=810","title":{"rendered":"Erfolgreiche Listenaufstellung der FWG Borken f\u00fcr die Kommunalwahl 2026"},"content":{"rendered":"\n<figure class=\"wp-block-image size-large is-resized\"><img loading=\"lazy\" decoding=\"async\" width=\"1024\" height=\"469\" src=\"https:\/\/fwg-borken.de\/wp\/wp-content\/uploads\/2025\/12\/FWG-Borken-Gruppenbild-Kommunalwahl-2026_kleiner-1024x469.jpg\" alt=\"\" class=\"wp-image-811\" style=\"aspect-ratio:2.1833304222387953;width:738px;height:auto\" srcset=\"https:\/\/fwg-borken.de\/wp\/wp-content\/uploads\/2025\/12\/FWG-Borken-Gruppenbild-Kommunalwahl-2026_kleiner-1024x469.jpg 1024w, https:\/\/fwg-borken.de\/wp\/wp-content\/uploads\/2025\/12\/FWG-Borken-Gruppenbild-Kommunalwahl-2026_kleiner-300x137.jpg 300w, https:\/\/fwg-borken.de\/wp\/wp-content\/uploads\/2025\/12\/FWG-Borken-Gruppenbild-Kommunalwahl-2026_kleiner-768x352.jpg 768w, https:\/\/fwg-borken.de\/wp\/wp-content\/uploads\/2025\/12\/FWG-Borken-Gruppenbild-Kommunalwahl-2026_kleiner-1536x704.jpg 1536w, https:\/\/fwg-borken.de\/wp\/wp-content\/uploads\/2025\/12\/FWG-Borken-Gruppenbild-Kommunalwahl-2026_kleiner-2048x939.jpg 2048w, https:\/\/fwg-borken.de\/wp\/wp-content\/uploads\/2025\/12\/FWG-Borken-Gruppenbild-Kommunalwahl-2026_kleiner-175x80.jpg 175w\" sizes=\"auto, (max-width: 1024px) 100vw, 1024px\" \/><\/figure>\n\n\n\n<p>Die Freie W\u00e4hlergemeinschaft (FWG) Borken hat die Liste f\u00fcr die bevorstehende Kommunalwahl am 15. M\u00e4rz 2026 auf einer Listenversammlung am 28.11.2025 in Trockenerfurth aufgestellt. Die Entscheidung fiel w\u00e4hrend einer gut besuchten Mitgliederversammlung, bei der engagierte Kandidatinnen und Kandidaten pr\u00e4sentiert wurden, die sich f\u00fcr die zuk\u00fcnftige Entwicklung der Stadt Borken aktiv einsetzen m\u00f6chten.<\/p>\n\n\n\n<p>Die Liste setzt sich aus erfahrenen und neuen Personen aus allen gesellschaftlichen Bereichen der Gro\u00dfgemeinde zusammen, die sich durch Engagement und Verbundenheit mit den B\u00fcrgerinnen und B\u00fcrgern Borkens auszeichnen.<\/p>\n\n\n\n<p>Als Besonderheit und mit gro\u00dfer Freude stellt die FWG fest, dass es geschafft wurde, eine Liste mit 36 Kandidatinnen und Kandidaten aufstellen zu k\u00f6nnen. Dies ist in der heutigen Zeit keine Selbstverst\u00e4ndlichkeit mehr.<\/p>\n\n\n\n<p>Die FWG ist mit Blick auf die aufgestellte Liste \u00fcberzeugt, dass die Interessen der B\u00fcrgerinnen und B\u00fcrger in Borken und den Ortsteilen bestm\u00f6glich vertreten werden. Mit frischen Ideen und einem klaren Ziel vor Augen m\u00f6chten wir die Zukunft unserer Stadt weiter in f\u00fchrender Rolle gestalten.<\/p>\n\n\n\n<p>Angef\u00fchrt wird die Liste durch den amtierenden Fraktionsvorsitzenden Julian Bachmann aus Kleinenglis, gefolgt von Stadtverordnetenvorsteher Michael Weber aus der Kernstadt. Auf Platz 3 folgt der Fraktionsgesch\u00e4ftsf\u00fchrer Peter Schellenberg aus Arnsbach.<\/p>\n\n\n\n<p>Mit Horst Simmen aus Gro\u00dfenenglis, J\u00fcrgen Zaschke aus Singlis und Herbert Kraft aus Trockenerfurth stellt die FWG drei amtierende Ortsvorsteher auf ihrer Liste auf. Zudem kandidieren auf der Liste f\u00fcnf stellvertretende Ortsvorsteher aus der aktuellen Legislatur.<\/p>\n\n\n\n<p>Ein starkes Zeichen daf\u00fcr, wie gut die FWG von der Kernstadt \u00fcber alle Ortsteile hinaus vernetzt und aufgestellt ist.<\/p>\n\n\n\n<p><strong>Kandidatenliste<\/strong><\/p>\n\n\n\n<figure class=\"wp-block-table\"><table class=\"has-fixed-layout\"><tbody><tr><td>1<\/td><td><strong>Bachmann, Julian, <\/strong>Kleinenglis<\/td><\/tr><tr><td>2<\/td><td><strong>Weber, Michael, <\/strong>Kernstadt<\/td><\/tr><tr><td>3<\/td><td><strong>Schellenberg, Peter, <\/strong>Arnsbach<\/td><\/tr><tr><td>4<\/td><td><strong>Weber, Daniela, <\/strong>Kernstadt<\/td><\/tr><tr><td>5<\/td><td><strong>Nintz, Andreas, <\/strong>Nassenerfurth<\/td><\/tr><tr><td>6<\/td><td><strong>Ay, Sezer, <\/strong>Trockenerfurth<\/td><\/tr><tr><td>7<\/td><td><strong>Hellmuth, Jens, <\/strong>Kerstenhausen<\/td><\/tr><tr><td>8<\/td><td><strong>Simmen, Horst, <\/strong>Gro\u00dfenenglis<\/td><\/tr><tr><td>9<\/td><td><strong>Staffel, R\u00fcdiger, <\/strong>Trockenerfurth<\/td><\/tr><tr><td>10<\/td><td><strong>Hilgenberg, Olaf, <\/strong>Kernstadt<\/td><\/tr><tr><td>11<\/td><td><strong>Kraft, Herbert, <\/strong>Trockenerfurth<\/td><\/tr><tr><td>12<\/td><td><strong>Zaschke, Roger, <\/strong>Gombeth<\/td><\/tr><tr><td>13<\/td><td><strong>K\u00e4stel, Maximilian, <\/strong>Trockenerfurth<\/td><\/tr><tr><td>14<\/td><td><strong>Zaschke, J\u00fcrgen, <\/strong>Singlis<\/td><\/tr><tr><td>15<\/td><td><strong>Kanold, Jessica, <\/strong>Kerstenhausen<\/td><\/tr><tr><td>16<\/td><td><strong>Reder, Christian, <\/strong>Kleinenglis<\/td><\/tr><tr><td>17<\/td><td><strong>Momberg, Mario, <\/strong>Kernstadt<\/td><\/tr><tr><td>18<\/td><td><strong>Plock, Wilhelm, <\/strong>Kleinenglis<\/td><\/tr><tr><td>19<\/td><td><strong>Mehn, David, <\/strong>Kleinenglis<\/td><\/tr><tr><td>20<\/td><td><strong>Findling, Christoph, <\/strong>Trockenerfurth<\/td><\/tr><tr><td>21<\/td><td><strong>Nette, Andreas, <\/strong>Pfaffenhausen<\/td><\/tr><tr><td>22<\/td><td><strong>Siemon, Henning-Malte, <\/strong>Kleinenglis<\/td><\/tr><tr><td>23<\/td><td><strong>Wettlaufer, Bernd, <\/strong>Kernstadt<\/td><\/tr><tr><td>24<\/td><td><strong>M\u00fcller, Norbert, <\/strong>Trockenerfurth<\/td><\/tr><tr><td>25<\/td><td><strong>Liehr, Ursula, <\/strong>Gro\u00dfenenglis<\/td><\/tr><tr><td>26<\/td><td><strong>Wiegand, Hartmut, <\/strong>Dillich<\/td><\/tr><tr><td>27<\/td><td><strong>M\u00f6ller, Heiko, <\/strong>Arnsbach<\/td><\/tr><tr><td>28<\/td><td><strong>Becker, Gerhold, <\/strong>Arnsbach<\/td><\/tr><tr><td>29<\/td><td><strong>Dossinger, Sabrina, <\/strong>Kernstadt<\/td><\/tr><tr><td>30<\/td><td><strong>Kraus, Markus, <\/strong>Kleinenglis<\/td><\/tr><tr><td>31<\/td><td><strong>Schomberg, Walter, <\/strong>Kleinenglis<\/td><\/tr><tr><td>32<\/td><td><strong>Volze, Martin, <\/strong>Singlis<\/td><\/tr><tr><td>33<\/td><td><strong>Albert, Helmut, <\/strong>Gro\u00dfenenglis<\/td><\/tr><tr><td>34<\/td><td><strong>Wichmann, J\u00fcrgen, <\/strong>Gombeth<\/td><\/tr><tr><td>35<\/td><td><strong>Ludolph, Willi, <\/strong>Kernstadt<\/td><\/tr><tr><td>36<\/td><td><strong>Waas, Michael, <\/strong>Trockenerfurth<\/td><\/tr><\/tbody><\/table><\/figure>\n\n\n\n<p>Die FWG Borken bedankt sich bei allen Mitgliedern f\u00fcr ihre Unterst\u00fctzung und ihre Bereitschaft, Verantwortung zu \u00fcbernehmen, um die Lebensqualit\u00e4t in Borken weiter zu verbessern und unsere Stadt voran zu bringen.<\/p>\n\n\n<div class=\"wp-block-image\">\n<figure class=\"aligncenter size-large is-resized\"><img loading=\"lazy\" decoding=\"async\" width=\"1024\" height=\"1024\" src=\"https:\/\/fwg-borken.de\/wp\/wp-content\/uploads\/2025\/12\/Aufkleber-Rund-11mm-FWG-2026-Druck-1024x1024.png\" alt=\"\" class=\"wp-image-820\" style=\"width:406px;height:auto\" srcset=\"https:\/\/fwg-borken.de\/wp\/wp-content\/uploads\/2025\/12\/Aufkleber-Rund-11mm-FWG-2026-Druck-1024x1024.png 1024w, https:\/\/fwg-borken.de\/wp\/wp-content\/uploads\/2025\/12\/Aufkleber-Rund-11mm-FWG-2026-Druck-300x300.png 300w, https:\/\/fwg-borken.de\/wp\/wp-content\/uploads\/2025\/12\/Aufkleber-Rund-11mm-FWG-2026-Druck-150x150.png 150w, https:\/\/fwg-borken.de\/wp\/wp-content\/uploads\/2025\/12\/Aufkleber-Rund-11mm-FWG-2026-Druck-768x768.png 768w, https:\/\/fwg-borken.de\/wp\/wp-content\/uploads\/2025\/12\/Aufkleber-Rund-11mm-FWG-2026-Druck-80x80.png 80w, https:\/\/fwg-borken.de\/wp\/wp-content\/uploads\/2025\/12\/Aufkleber-Rund-11mm-FWG-2026-Druck.png 1299w\" sizes=\"auto, (max-width: 1024px) 100vw, 1024px\" \/><\/figure>\n<\/div>","protected":false},"excerpt":{"rendered":"<p>Die Freie W\u00e4hlergemeinschaft (FWG) Borken hat die Liste f\u00fcr die bevorstehende Kommunalwahl am 15. M\u00e4rz 2026 auf einer Listenversammlung am 28.11.2025 in Trockenerfurth aufgestellt. Die Entscheidung fiel w\u00e4hrend einer gut besuchten Mitgliederversammlung, bei der engagierte Kandidatinnen und Kandidaten pr\u00e4sentiert wurden, die sich f\u00fcr die zuk\u00fcnftige Entwicklung der Stadt Borken aktiv [&hellip;]<\/p>\n","protected":false},"author":2,"featured_media":0,"comment_status":"closed","ping_status":"open","sticky":false,"template":"","format":"standard","meta":{"_jetpack_memberships_contains_paid_content":false,"footnotes":""},"categories":[4],"tags":[],"class_list":["post-810","post","type-post","status-publish","format-standard","hentry","category-news"],"jetpack_featured_media_url":"","jetpack_sharing_enabled":true,"_links":{"self":[{"href":"https:\/\/fwg-borken.de\/wp\/index.php?rest_route=\/wp\/v2\/posts\/810","targetHints":{"allow":["GET"]}}],"collection":[{"href":"https:\/\/fwg-borken.de\/wp\/index.php?rest_route=\/wp\/v2\/posts"}],"about":[{"href":"https:\/\/fwg-borken.de\/wp\/index.php?rest_route=\/wp\/v2\/types\/post"}],"author":[{"embeddable":true,"href":"https:\/\/fwg-borken.de\/wp\/index.php?rest_route=\/wp\/v2\/users\/2"}],"replies":[{"embeddable":true,"href":"https:\/\/fwg-borken.de\/wp\/index.php?rest_route=%2Fwp%2Fv2%2Fcomments&post=810"}],"version-history":[{"count":3,"href":"https:\/\/fwg-borken.de\/wp\/index.php?rest_route=\/wp\/v2\/posts\/810\/revisions"}],"predecessor-version":[{"id":925,"href":"https:\/\/fwg-borken.de\/wp\/index.php?rest_route=\/wp\/v2\/posts\/810\/revisions\/925"}],"wp:attachment":[{"href":"https:\/\/fwg-borken.de\/wp\/index.php?rest_route=%2Fwp%2Fv2%2Fmedia&parent=810"}],"wp:term":[{"taxonomy":"category","embeddable":true,"href":"https:\/\/fwg-borken.de\/wp\/index.php?rest_route=%2Fwp%2Fv2%2Fcategories&post=810"},{"taxonomy":"post_tag","embeddable":true,"href":"https:\/\/fwg-borken.de\/wp\/index.php?rest_route=%2Fwp%2Fv2%2Ftags&post=810"}],"curies":[{"name":"wp","href":"https:\/\/api.w.org\/{rel}","templated":true}]}}